{"id":461,"date":"2023-07-28T16:49:16","date_gmt":"2023-07-28T16:49:16","guid":{"rendered":"https:\/\/o3zone-hotel.ms2.decms.eu\/?p=461"},"modified":"2024-02-02T16:50:31","modified_gmt":"2024-02-02T16:50:31","slug":"szent-anna-to-legendaja","status":"publish","type":"post","link":"https:\/\/www.o3zone.ro\/hu\/szent-anna-to-legendaja\/","title":{"rendered":"Szent Anna t\u00f3 legend\u00e1ja"},"content":{"rendered":"<p>Valamikor r\u00e9ges-r\u00e9gen a mai Szent Anna-t\u00f3 hely\u00e9n egy magas hegy volt, melynek a tetej\u00e9n v\u00e1r \u00e1llott. Vele szemben egy m\u00e1sik hegy kop\u00e1r szikl\u00e1i ostromolt\u00e1k az eget.<br \/>\nA k\u00e9t hegy cs\u00facs\u00e1ra k\u00e9t gonosz testv\u00e9r, G\u00e1sp\u00e1r \u00e9s S\u00e1ndor gr\u00f3fok \u00e9p\u00edtettek v\u00e1rat, mindketten kev\u00e9lyek, g\u0151g\u00f6sek, irigyek voltak. Folyamatosan versenyeztek egym\u00e1ssal, a v\u00e1raikat is aranyb\u00f3l \u00e9s ez\u00fcstb\u0151l \u00e9p\u00edtett\u00e9k. Az egym\u00e1ssal verseng\u0151, civ\u00f3d\u00f3 gr\u00f3fok \u00e1lland\u00f3 retteg\u00e9sben tartott\u00e1k a k\u00f6rny\u00e9kbeli lakoss\u00e1got.<\/p>\n<p>Egy alkalommal egy gazdag utaz\u00f3, aki gy\u00f6ny\u00f6r\u0171 n\u00e9gylovas hint\u00f3n \u00e9rkezett S\u00e1ndor \u00far v\u00e1r\u00e1hoz, \u00e9jjeli sz\u00e1ll\u00e1st k\u00e9rt a v\u00e1r ur\u00e1t\u00f3l. A kapzsi gr\u00f3f, miut\u00e1n nem tudta r\u00e1besz\u00e9lni vend\u00e9g\u00e9t az irigyelt fogat elad\u00e1s\u00e1ra, kockaj\u00e1t\u00e9kon nyerte el t\u0151le. Eldicsekedv\u00e9n szerzem\u00e9ny\u00e9vel G\u00e1sp\u00e1r gr\u00f3fnak, az fogad\u00e1st aj\u00e1nlott, miszerint, ha \u0151 egy nap leforg\u00e1sa alatt sokkal szebb \u00e9s dr\u00e1g\u00e1bb fogatot nem szerez, akkor vagyon\u00e1t \u00f6ccs\u00e9nek adja.<\/p>\n<p>G\u00e1sp\u00e1r \u00f6rd\u00f6gi tervet eszelt ki, a k\u00f6rny\u00e9k falvaib\u00f3l \u00f6sszeh\u00edvhatta a legszebb sz\u00fczeket \u00e9s k\u00f6z\u00fcl\u00fck is a legszebbeket k\u00edv\u00e1nta befogatni a hint\u00f3ba. F\u00e9l nap se telt bele, \u00e9s t\u00f6bb sz\u00e1z l\u00e1ny gy\u0171lt \u00f6ssze, a legszebb k\u00f6z\u00fcl\u00fck egy Anna nevezet\u0171 volt. \u0150t v\u00e1lasztotta el\u0151sz\u00f6r a v\u00e1r ura, majd m\u00e9g nyolcat, \u00e9s a hint\u00f3ja el\u00e9be fogatta \u0151ket. A szerencs\u00e9tlen teremt\u00e9sek azonban meg sem b\u00edrt\u00e1k mozd\u00edtani a kocsit. Erre G\u00e1sp\u00e1r gr\u00f3f &#8211; sz\u00f6rny\u0171 haragj\u00e1ban &#8211; ostor\u00e1val r\u00e1v\u00e1gott a fogat \u00e9l\u00e9n lev\u0151 legszebb l\u00e1nyra, aki Anna volt. Isten meghallgatva a f\u00e1jdalomt\u00f3l t\u00e9rdre rogyott Anna k\u00f6ny\u00f6rg\u00e9s\u00e9t, sz\u00f6rny\u0171 \u00edt\u00e9letet hozott: megmozdult a f\u00f6ld, megny\u00edltak az \u00e9g csatorn\u00e1i, s az istentelen gr\u00f3fok v\u00e1rai a v\u00e1rhegyekkel egy\u00fctt, nagy robajjal a m\u00e9lys\u00e9gbe zuhantak. Hely\u00fck\u00f6n m\u00e1snapra egy s\u00f6t\u00e9t viz\u0171 tengerszem t\u00fckr\u00f6zte vissza a felkel\u0151 nap sugar\u00e1t.<\/p>\n<p>A t\u00f3 viz\u00e9n nyolc hatty\u00fa \u00faszott, majd kij\u00f6ttek a partra, megr\u00e1zt\u00e1k magukat \u00e9s visszav\u00e1ltoztak le\u00e1nyokk\u00e1. Mind hazasiettek a falujukba, Anna kiv\u00e9tel\u00e9vel, aki k\u00e1poln\u00e1t \u00e9p\u00edtett a t\u00f3 partj\u00e1n, s ebben a k\u00e1poln\u00e1ban t\u00f6lt\u00f6tte \u00e9let\u00e9nek h\u00e1tralev\u0151 r\u00e9sz\u00e9t csendes im\u00e1dkoz\u00e1ssal. J\u00f6ttek az emberek mindenfel\u0151l a kis k\u00e1poln\u00e1hoz egy\u00fctt im\u00e1dkozni a szent \u00e9let\u0171 le\u00e1nnyal, hal\u00e1la ut\u00e1n pedig elnevezt\u00e9k r\u00f3la a tavat Szent Anna tav\u00e1nak.<\/p>\n<p><iframe loading=\"lazy\" title=\"Lacul Sf\u00e2nta Ana\" width=\"500\" height=\"281\" src=\"https:\/\/www.youtube.com\/embed\/Y1EdA5sPHUU?feature=oembed\" frameborder=\"0\" allow=\"accelerometer; autoplay; clipboard-write; encrypted-media; gyroscope; picture-in-picture; web-share\" referrerpolicy=\"strict-origin-when-cross-origin\" allowfullscreen><\/iframe><\/p>\n","protected":false},"excerpt":{"rendered":"<p>Valamikor r\u00e9ges-r\u00e9gen a mai Szent Anna-t\u00f3 hely\u00e9n egy magas hegy volt, melynek a tetej\u00e9n v\u00e1r \u00e1llott. Vele szemben egy m\u00e1sik hegy kop\u00e1r szikl\u00e1i ostromolt\u00e1k az eget. A k\u00e9t hegy cs\u00facs\u00e1ra k\u00e9t gonosz testv\u00e9r, G\u00e1sp\u00e1r \u00e9s S\u00e1ndor gr\u00f3fok \u00e9p\u00edtettek v\u00e1rat, mindketten kev\u00e9lyek, g\u0151g\u00f6sek, irigyek voltak. Folyamatosan versenyeztek egym\u00e1ssal, a v\u00e1raikat is aranyb\u00f3l \u00e9s ez\u00fcstb\u0151l \u00e9p\u00edtett\u00e9k. Az [&hellip;]<\/p>\n","protected":false},"author":13,"featured_media":0,"comment_status":"open","ping_status":"open","sticky":false,"template":"","format":"standard","meta":{"footnotes":""},"categories":[24],"tags":[],"class_list":["post-461","post","type-post","status-publish","format-standard","hentry","category-nature-hu"],"yoast_head":"<!-- This site is optimized with the Yoast SEO plugin v27.3 - https:\/\/yoast.com\/product\/yoast-seo-wordpress\/ -->\n<title>Szent Anna t\u00f3 legend\u00e1ja - O3zone Hotel -<\/title>\n<meta name=\"description\" content=\"Valamikor r\u00e9ges-r\u00e9gen a mai Szent Anna-t\u00f3 hely\u00e9n egy magas hegy volt, melynek a tetej\u00e9n v\u00e1r \u00e1llott. Vele szemben egy m\u00e1sik hegy kop\u00e1r szikl\u00e1i ostromolt\u00e1k az eget. A k\u00e9t hegy cs\u00facs\u00e1ra k\u00e9t gonosz testv\u00e9r, G\u00e1sp\u00e1r \u00e9s S\u00e1ndor gr\u00f3fok \u00e9p\u00edtettek v\u00e1rat, mindketten kev\u00e9lyek, g\u0151g\u00f6sek, irigyek voltak\" \/>\n<meta name=\"robots\" content=\"index, follow, max-snippet:-1, max-image-preview:large, max-video-preview:-1\" \/>\n<link rel=\"canonical\" href=\"https:\/\/www.o3zone.ro\/hu\/szent-anna-to-legendaja\/\" \/>\n<meta property=\"og:locale\" content=\"hu_HU\" \/>\n<meta property=\"og:type\" content=\"article\" \/>\n<meta property=\"og:title\" content=\"Szent Anna t\u00f3 legend\u00e1ja - O3zone Hotel -\" \/>\n<meta property=\"og:description\" content=\"Valamikor r\u00e9ges-r\u00e9gen a mai Szent Anna-t\u00f3 hely\u00e9n egy magas hegy volt, melynek a tetej\u00e9n v\u00e1r \u00e1llott. Vele szemben egy m\u00e1sik hegy kop\u00e1r szikl\u00e1i ostromolt\u00e1k az eget. A k\u00e9t hegy cs\u00facs\u00e1ra k\u00e9t gonosz testv\u00e9r, G\u00e1sp\u00e1r \u00e9s S\u00e1ndor gr\u00f3fok \u00e9p\u00edtettek v\u00e1rat, mindketten kev\u00e9lyek, g\u0151g\u00f6sek, irigyek voltak\" \/>\n<meta property=\"og:url\" content=\"https:\/\/www.o3zone.ro\/hu\/szent-anna-to-legendaja\/\" \/>\n<meta property=\"og:site_name\" content=\"O3zone Hotel\" \/>\n<meta property=\"article:publisher\" content=\"https:\/\/www.facebook.com\/HotelO3zone\/\" \/>\n<meta property=\"article:published_time\" content=\"2023-07-28T16:49:16+00:00\" \/>\n<meta property=\"article:modified_time\" content=\"2024-02-02T16:50:31+00:00\" \/>\n<meta property=\"og:image\" content=\"https:\/\/www.o3zone.ro\/wp-content\/uploads\/sites\/97\/2024\/03\/01-45-e1711368229192.jpg\" \/>\n\t<meta property=\"og:image:width\" content=\"1293\" \/>\n\t<meta property=\"og:image:height\" content=\"1200\" \/>\n\t<meta property=\"og:image:type\" content=\"image\/jpeg\" \/>\n<meta name=\"author\" content=\"asantaga\" \/>\n<meta name=\"twitter:card\" content=\"summary_large_image\" \/>\n<meta name=\"twitter:label1\" content=\"Szerz\u0151:\" \/>\n\t<meta name=\"twitter:data1\" content=\"asantaga\" \/>\n\t<meta name=\"twitter:label2\" content=\"Becs\u00fclt olvas\u00e1si id\u0151\" \/>\n\t<meta name=\"twitter:data2\" content=\"2 perc\" \/>\n<script type=\"application\/ld+json\" class=\"yoast-schema-graph\">{\"@context\":\"https:\\\/\\\/schema.org\",\"@graph\":[{\"@type\":\"Article\",\"@id\":\"https:\\\/\\\/www.o3zone.ro\\\/hu\\\/szent-anna-to-legendaja\\\/#article\",\"isPartOf\":{\"@id\":\"https:\\\/\\\/www.o3zone.ro\\\/hu\\\/szent-anna-to-legendaja\\\/\"},\"author\":{\"name\":\"asantaga\",\"@id\":\"https:\\\/\\\/www.o3zone.ro\\\/hu\\\/#\\\/schema\\\/person\\\/e83e5ec19bdec86b08ef12b49a389feb\"},\"headline\":\"Szent Anna t\u00f3 legend\u00e1ja\",\"datePublished\":\"2023-07-28T16:49:16+00:00\",\"dateModified\":\"2024-02-02T16:50:31+00:00\",\"mainEntityOfPage\":{\"@id\":\"https:\\\/\\\/www.o3zone.ro\\\/hu\\\/szent-anna-to-legendaja\\\/\"},\"wordCount\":499,\"commentCount\":0,\"articleSection\":[\"Nature\"],\"inLanguage\":\"hu\",\"potentialAction\":[{\"@type\":\"CommentAction\",\"name\":\"Comment\",\"target\":[\"https:\\\/\\\/www.o3zone.ro\\\/hu\\\/szent-anna-to-legendaja\\\/#respond\"]}]},{\"@type\":\"WebPage\",\"@id\":\"https:\\\/\\\/www.o3zone.ro\\\/hu\\\/szent-anna-to-legendaja\\\/\",\"url\":\"https:\\\/\\\/www.o3zone.ro\\\/hu\\\/szent-anna-to-legendaja\\\/\",\"name\":\"Szent Anna t\u00f3 legend\u00e1ja - O3zone Hotel -\",\"isPartOf\":{\"@id\":\"https:\\\/\\\/www.o3zone.ro\\\/hu\\\/#website\"},\"datePublished\":\"2023-07-28T16:49:16+00:00\",\"dateModified\":\"2024-02-02T16:50:31+00:00\",\"author\":{\"@id\":\"https:\\\/\\\/www.o3zone.ro\\\/hu\\\/#\\\/schema\\\/person\\\/e83e5ec19bdec86b08ef12b49a389feb\"},\"description\":\"Valamikor r\u00e9ges-r\u00e9gen a mai Szent Anna-t\u00f3 hely\u00e9n egy magas hegy volt, melynek a tetej\u00e9n v\u00e1r \u00e1llott. Vele szemben egy m\u00e1sik hegy kop\u00e1r szikl\u00e1i ostromolt\u00e1k az eget. A k\u00e9t hegy cs\u00facs\u00e1ra k\u00e9t gonosz testv\u00e9r, G\u00e1sp\u00e1r \u00e9s S\u00e1ndor gr\u00f3fok \u00e9p\u00edtettek v\u00e1rat, mindketten kev\u00e9lyek, g\u0151g\u00f6sek, irigyek voltak\",\"breadcrumb\":{\"@id\":\"https:\\\/\\\/www.o3zone.ro\\\/hu\\\/szent-anna-to-legendaja\\\/#breadcrumb\"},\"inLanguage\":\"hu\",\"potentialAction\":[{\"@type\":\"ReadAction\",\"target\":[\"https:\\\/\\\/www.o3zone.ro\\\/hu\\\/szent-anna-to-legendaja\\\/\"]}]},{\"@type\":\"BreadcrumbList\",\"@id\":\"https:\\\/\\\/www.o3zone.ro\\\/hu\\\/szent-anna-to-legendaja\\\/#breadcrumb\",\"itemListElement\":[{\"@type\":\"ListItem\",\"position\":1,\"name\":\"Home\",\"item\":\"https:\\\/\\\/www.o3zone.ro\\\/hu\\\/\"},{\"@type\":\"ListItem\",\"position\":2,\"name\":\"Szent Anna t\u00f3 legend\u00e1ja\"}]},{\"@type\":\"WebSite\",\"@id\":\"https:\\\/\\\/www.o3zone.ro\\\/hu\\\/#website\",\"url\":\"https:\\\/\\\/www.o3zone.ro\\\/hu\\\/\",\"name\":\"O3zone Hotel\",\"description\":\"\",\"potentialAction\":[{\"@type\":\"SearchAction\",\"target\":{\"@type\":\"EntryPoint\",\"urlTemplate\":\"https:\\\/\\\/www.o3zone.ro\\\/hu\\\/?s={search_term_string}\"},\"query-input\":{\"@type\":\"PropertyValueSpecification\",\"valueRequired\":true,\"valueName\":\"search_term_string\"}}],\"inLanguage\":\"hu\"},{\"@type\":\"Person\",\"@id\":\"https:\\\/\\\/www.o3zone.ro\\\/hu\\\/#\\\/schema\\\/person\\\/e83e5ec19bdec86b08ef12b49a389feb\",\"name\":\"asantaga\",\"image\":{\"@type\":\"ImageObject\",\"inLanguage\":\"hu\",\"@id\":\"https:\\\/\\\/secure.gravatar.com\\\/avatar\\\/65fc43e8ead895ecb427bb2b4a752f8b515d0710843b2265a16b07037d37f21a?s=96&d=mm&r=g\",\"url\":\"https:\\\/\\\/secure.gravatar.com\\\/avatar\\\/65fc43e8ead895ecb427bb2b4a752f8b515d0710843b2265a16b07037d37f21a?s=96&d=mm&r=g\",\"contentUrl\":\"https:\\\/\\\/secure.gravatar.com\\\/avatar\\\/65fc43e8ead895ecb427bb2b4a752f8b515d0710843b2265a16b07037d37f21a?s=96&d=mm&r=g\",\"caption\":\"asantaga\"},\"url\":\"https:\\\/\\\/www.o3zone.ro\\\/hu\\\/author\\\/asantaga\\\/\"}]}<\/script>\n<!-- \/ Yoast SEO plugin. -->","yoast_head_json":{"title":"Szent Anna t\u00f3 legend\u00e1ja - O3zone Hotel -","description":"Valamikor r\u00e9ges-r\u00e9gen a mai Szent Anna-t\u00f3 hely\u00e9n egy magas hegy volt, melynek a tetej\u00e9n v\u00e1r \u00e1llott. Vele szemben egy m\u00e1sik hegy kop\u00e1r szikl\u00e1i ostromolt\u00e1k az eget. A k\u00e9t hegy cs\u00facs\u00e1ra k\u00e9t gonosz testv\u00e9r, G\u00e1sp\u00e1r \u00e9s S\u00e1ndor gr\u00f3fok \u00e9p\u00edtettek v\u00e1rat, mindketten kev\u00e9lyek, g\u0151g\u00f6sek, irigyek voltak","robots":{"index":"index","follow":"follow","max-snippet":"max-snippet:-1","max-image-preview":"max-image-preview:large","max-video-preview":"max-video-preview:-1"},"canonical":"https:\/\/www.o3zone.ro\/hu\/szent-anna-to-legendaja\/","og_locale":"hu_HU","og_type":"article","og_title":"Szent Anna t\u00f3 legend\u00e1ja - O3zone Hotel -","og_description":"Valamikor r\u00e9ges-r\u00e9gen a mai Szent Anna-t\u00f3 hely\u00e9n egy magas hegy volt, melynek a tetej\u00e9n v\u00e1r \u00e1llott. Vele szemben egy m\u00e1sik hegy kop\u00e1r szikl\u00e1i ostromolt\u00e1k az eget. A k\u00e9t hegy cs\u00facs\u00e1ra k\u00e9t gonosz testv\u00e9r, G\u00e1sp\u00e1r \u00e9s S\u00e1ndor gr\u00f3fok \u00e9p\u00edtettek v\u00e1rat, mindketten kev\u00e9lyek, g\u0151g\u00f6sek, irigyek voltak","og_url":"https:\/\/www.o3zone.ro\/hu\/szent-anna-to-legendaja\/","og_site_name":"O3zone Hotel","article_publisher":"https:\/\/www.facebook.com\/HotelO3zone\/","article_published_time":"2023-07-28T16:49:16+00:00","article_modified_time":"2024-02-02T16:50:31+00:00","og_image":[{"width":1293,"height":1200,"url":"https:\/\/www.o3zone.ro\/wp-content\/uploads\/sites\/97\/2024\/03\/01-45-e1711368229192.jpg","type":"image\/jpeg"}],"author":"asantaga","twitter_card":"summary_large_image","twitter_misc":{"Szerz\u0151:":"asantaga","Becs\u00fclt olvas\u00e1si id\u0151":"2 perc"},"schema":{"@context":"https:\/\/schema.org","@graph":[{"@type":"Article","@id":"https:\/\/www.o3zone.ro\/hu\/szent-anna-to-legendaja\/#article","isPartOf":{"@id":"https:\/\/www.o3zone.ro\/hu\/szent-anna-to-legendaja\/"},"author":{"name":"asantaga","@id":"https:\/\/www.o3zone.ro\/hu\/#\/schema\/person\/e83e5ec19bdec86b08ef12b49a389feb"},"headline":"Szent Anna t\u00f3 legend\u00e1ja","datePublished":"2023-07-28T16:49:16+00:00","dateModified":"2024-02-02T16:50:31+00:00","mainEntityOfPage":{"@id":"https:\/\/www.o3zone.ro\/hu\/szent-anna-to-legendaja\/"},"wordCount":499,"commentCount":0,"articleSection":["Nature"],"inLanguage":"hu","potentialAction":[{"@type":"CommentAction","name":"Comment","target":["https:\/\/www.o3zone.ro\/hu\/szent-anna-to-legendaja\/#respond"]}]},{"@type":"WebPage","@id":"https:\/\/www.o3zone.ro\/hu\/szent-anna-to-legendaja\/","url":"https:\/\/www.o3zone.ro\/hu\/szent-anna-to-legendaja\/","name":"Szent Anna t\u00f3 legend\u00e1ja - O3zone Hotel -","isPartOf":{"@id":"https:\/\/www.o3zone.ro\/hu\/#website"},"datePublished":"2023-07-28T16:49:16+00:00","dateModified":"2024-02-02T16:50:31+00:00","author":{"@id":"https:\/\/www.o3zone.ro\/hu\/#\/schema\/person\/e83e5ec19bdec86b08ef12b49a389feb"},"description":"Valamikor r\u00e9ges-r\u00e9gen a mai Szent Anna-t\u00f3 hely\u00e9n egy magas hegy volt, melynek a tetej\u00e9n v\u00e1r \u00e1llott. Vele szemben egy m\u00e1sik hegy kop\u00e1r szikl\u00e1i ostromolt\u00e1k az eget. A k\u00e9t hegy cs\u00facs\u00e1ra k\u00e9t gonosz testv\u00e9r, G\u00e1sp\u00e1r \u00e9s S\u00e1ndor gr\u00f3fok \u00e9p\u00edtettek v\u00e1rat, mindketten kev\u00e9lyek, g\u0151g\u00f6sek, irigyek voltak","breadcrumb":{"@id":"https:\/\/www.o3zone.ro\/hu\/szent-anna-to-legendaja\/#breadcrumb"},"inLanguage":"hu","potentialAction":[{"@type":"ReadAction","target":["https:\/\/www.o3zone.ro\/hu\/szent-anna-to-legendaja\/"]}]},{"@type":"BreadcrumbList","@id":"https:\/\/www.o3zone.ro\/hu\/szent-anna-to-legendaja\/#breadcrumb","itemListElement":[{"@type":"ListItem","position":1,"name":"Home","item":"https:\/\/www.o3zone.ro\/hu\/"},{"@type":"ListItem","position":2,"name":"Szent Anna t\u00f3 legend\u00e1ja"}]},{"@type":"WebSite","@id":"https:\/\/www.o3zone.ro\/hu\/#website","url":"https:\/\/www.o3zone.ro\/hu\/","name":"O3zone Hotel","description":"","potentialAction":[{"@type":"SearchAction","target":{"@type":"EntryPoint","urlTemplate":"https:\/\/www.o3zone.ro\/hu\/?s={search_term_string}"},"query-input":{"@type":"PropertyValueSpecification","valueRequired":true,"valueName":"search_term_string"}}],"inLanguage":"hu"},{"@type":"Person","@id":"https:\/\/www.o3zone.ro\/hu\/#\/schema\/person\/e83e5ec19bdec86b08ef12b49a389feb","name":"asantaga","image":{"@type":"ImageObject","inLanguage":"hu","@id":"https:\/\/secure.gravatar.com\/avatar\/65fc43e8ead895ecb427bb2b4a752f8b515d0710843b2265a16b07037d37f21a?s=96&d=mm&r=g","url":"https:\/\/secure.gravatar.com\/avatar\/65fc43e8ead895ecb427bb2b4a752f8b515d0710843b2265a16b07037d37f21a?s=96&d=mm&r=g","contentUrl":"https:\/\/secure.gravatar.com\/avatar\/65fc43e8ead895ecb427bb2b4a752f8b515d0710843b2265a16b07037d37f21a?s=96&d=mm&r=g","caption":"asantaga"},"url":"https:\/\/www.o3zone.ro\/hu\/author\/asantaga\/"}]}},"acf":[],"_links":{"self":[{"href":"https:\/\/www.o3zone.ro\/hu\/wp-json\/wp\/v2\/posts\/461","targetHints":{"allow":["GET"]}}],"collection":[{"href":"https:\/\/www.o3zone.ro\/hu\/wp-json\/wp\/v2\/posts"}],"about":[{"href":"https:\/\/www.o3zone.ro\/hu\/wp-json\/wp\/v2\/types\/post"}],"author":[{"embeddable":true,"href":"https:\/\/www.o3zone.ro\/hu\/wp-json\/wp\/v2\/users\/13"}],"replies":[{"embeddable":true,"href":"https:\/\/www.o3zone.ro\/hu\/wp-json\/wp\/v2\/comments?post=461"}],"version-history":[{"count":0,"href":"https:\/\/www.o3zone.ro\/hu\/wp-json\/wp\/v2\/posts\/461\/revisions"}],"wp:attachment":[{"href":"https:\/\/www.o3zone.ro\/hu\/wp-json\/wp\/v2\/media?parent=461"}],"wp:term":[{"taxonomy":"category","embeddable":true,"href":"https:\/\/www.o3zone.ro\/hu\/wp-json\/wp\/v2\/categories?post=461"},{"taxonomy":"post_tag","embeddable":true,"href":"https:\/\/www.o3zone.ro\/hu\/wp-json\/wp\/v2\/tags?post=461"}],"curies":[{"name":"wp","href":"https:\/\/api.w.org\/{rel}","templated":true}]}}